{"id":8124,"date":"2026-08-30T20:24:03","date_gmt":"2026-08-30T20:24:03","guid":{"rendered":"https:\/\/adartparis.com\/?p=8124"},"modified":"2026-08-30T20:27:47","modified_gmt":"2026-08-30T20:27:47","slug":"august-2026-gueno-clement-und-loukas-more-vor-der-kamera","status":"publish","type":"post","link":"https:\/\/adartparis.com\/de\/actualites\/aout-2026-gueno-clement-et-loukas-more-devant-lobjectif-8124\/","title":{"rendered":"August 2026: Gu\u00e9no, Cl\u00e9ment und Loukas More vor der Kamera"},"content":{"rendered":"<div data-elementor-type=\"wp-post\" data-elementor-id=\"8124\" class=\"elementor elementor-8124\" data-elementor-post-type=\"post\">\n\t\t\t\t<div class=\"elementor-element elementor-element-90a9dd7 e-flex e-con-boxed e-con e-parent\" data-id=\"90a9dd7\" data-element_type=\"container\" data-e-type=\"container\">\n\t\t\t\t\t<div class=\"e-con-inner\">\n\t\t\t\t<div class=\"elementor-element elementor-element-9bb64e9 article-intro elementor-widget elementor-widget-text-editor\" data-id=\"9bb64e9\" data-element_type=\"widget\" data-e-type=\"widget\" data-widget_type=\"text-editor.default\">\n\t\t\t\t\t\t\t\t\t\n<p class=\"wp-block-paragraph\">Das Ende des Sommers spielte sich in Paris ab: drei Sitzungen, drei Wohnungen, drei ganz unterschiedliche Arten, sich zu zeigen. Die Gelegenheit, auf jede einzelne davon zur\u00fcckzublicken.<\/p>\n<h2 class=\"wp-block-heading\">Gu\u00e9no<\/h2>\n<p><\/p>\n<p class=\"wp-block-paragraph\">Gu\u00e9nol\u00e9 zieht nacheinander verschiedene Outfits an, bevor er in Unterw\u00e4sche und schlie\u00dflich f\u00fcr einen k\u00fcnstlerischen Akt unter rotem und blauem Licht posiert. Seine Tattoos und sein Schmuck \u2013 Ringe, Ketten, Ohrringe \u2013 verraten seine Vorliebe f\u00fcr Popkultur und werden in den engen Bildausschnitten schnell zum eigentlichen Motiv.<\/p>\n<p><\/p>\n<figure class=\"wp-block-image size-large\"><img decoding=\"async\" width=\"1366\" height=\"2048\" class=\"wp-image-6005\" src=\"https:\/\/adartparis.com\/wp-content\/uploads\/2026\/08\/geno-20-1366x2048.jpg\" alt=\"Torso-Portr\u00e4t, nackt, Tattoos und Halsketten, rote und blaue Beleuchtung.\" srcset=\"https:\/\/adartparis.com\/wp-content\/uploads\/2026\/08\/geno-20-1366x2048.jpg 1366w, https:\/\/adartparis.com\/wp-content\/uploads\/2026\/08\/geno-20-1200x1800.jpg 1200w, https:\/\/adartparis.com\/wp-content\/uploads\/2026\/08\/geno-20-480x720.jpg 480w, https:\/\/adartparis.com\/wp-content\/uploads\/2026\/08\/geno-20-768x1152.jpg 768w, https:\/\/adartparis.com\/wp-content\/uploads\/2026\/08\/geno-20-1024x1536.jpg 1024w, https:\/\/adartparis.com\/wp-content\/uploads\/2026\/08\/geno-20-8x12.jpg 8w, https:\/\/adartparis.com\/wp-content\/uploads\/2026\/08\/geno-20-600x900.jpg 600w, https:\/\/adartparis.com\/wp-content\/uploads\/2026\/08\/geno-20.jpg 1707w\" sizes=\"(max-width: 1366px) 100vw, 1366px\" \/><\/figure>\n<p><\/p>\n<h2 class=\"wp-block-heading\">Cl\u00e9ment<\/h2>\n<p><\/p>\n<p class=\"wp-block-paragraph\">Anfang August, die Milde eines Nachmittags. Cl\u00e9ment begann im Jockstrap und h\u00f6rte ganz ohne Kleidung auf, ohne dass dies vorher beschlossen worden w\u00e4re. Die Serie schreitet in Fragmenten voran: Der K\u00f6rper l\u00e4sst sich erahnen, entzieht sich und offenbart sich schlie\u00dflich ganz.<\/p>\n<p><\/p>\n<figure class=\"wp-block-image size-large\"><img decoding=\"async\" width=\"1366\" height=\"2048\" class=\"wp-image-6280\" src=\"https:\/\/adartparis.com\/wp-content\/uploads\/2026\/08\/clement-8-1366x2048.jpg\" alt=\"Portr\u00e4t von Cl\u00e9ment, mit freiem Oberk\u00f6rper, Hand auf dem Bauch, blaue Beleuchtung.\" srcset=\"https:\/\/adartparis.com\/wp-content\/uploads\/2026\/08\/clement-8-1366x2048.jpg 1366w, https:\/\/adartparis.com\/wp-content\/uploads\/2026\/08\/clement-8-1200x1800.jpg 1200w, https:\/\/adartparis.com\/wp-content\/uploads\/2026\/08\/clement-8-480x720.jpg 480w, https:\/\/adartparis.com\/wp-content\/uploads\/2026\/08\/clement-8-768x1152.jpg 768w, https:\/\/adartparis.com\/wp-content\/uploads\/2026\/08\/clement-8-1024x1536.jpg 1024w, https:\/\/adartparis.com\/wp-content\/uploads\/2026\/08\/clement-8-8x12.jpg 8w, https:\/\/adartparis.com\/wp-content\/uploads\/2026\/08\/clement-8-600x900.jpg 600w, https:\/\/adartparis.com\/wp-content\/uploads\/2026\/08\/clement-8.jpg 1707w\" sizes=\"(max-width: 1366px) 100vw, 1366px\" \/><\/figure>\n<p><\/p>\n<h2 class=\"wp-block-heading\">Loukas More<\/h2>\n<p><\/p>\n<p class=\"wp-block-paragraph\">Loukas, Content Creator, posierte an einem Abend Ende August bei einem Paris-Besuch. Gekleidet in Streetwear, dann in Unterw\u00e4sche und nackt, f\u00fchlt er sich \u00fcberall wohl: Das Shooting gleitet von rosa und blauen Neonlichtern zu Schwarz-Wei\u00df \u00fcber und verweilt gerne bei einem Sneaker- oder Socken-Detail.<\/p>\n<p><\/p>\n<figure class=\"wp-block-image size-large\"><img decoding=\"async\" width=\"1366\" height=\"2048\" class=\"wp-image-7759\" src=\"https:\/\/adartparis.com\/wp-content\/uploads\/2026\/08\/loukas-more-11-1366x2048.jpg\" alt=\"Loukas More von hinten, sichtbares Tattoo, schwarzer Tanga, intensive rote Atmosph\u00e4re, k\u00fcnstlerische Fotografie.\" srcset=\"https:\/\/adartparis.com\/wp-content\/uploads\/2026\/08\/loukas-more-11-1366x2048.jpg 1366w, https:\/\/adartparis.com\/wp-content\/uploads\/2026\/08\/loukas-more-11-480x720.jpg 480w, https:\/\/adartparis.com\/wp-content\/uploads\/2026\/08\/loukas-more-11-768x1152.jpg 768w, https:\/\/adartparis.com\/wp-content\/uploads\/2026\/08\/loukas-more-11-1024x1536.jpg 1024w, https:\/\/adartparis.com\/wp-content\/uploads\/2026\/08\/loukas-more-11-8x12.jpg 8w, https:\/\/adartparis.com\/wp-content\/uploads\/2026\/08\/loukas-more-11-1200x1800.jpg 1200w, https:\/\/adartparis.com\/wp-content\/uploads\/2026\/08\/loukas-more-11-600x900.jpg 600w, https:\/\/adartparis.com\/wp-content\/uploads\/2026\/08\/loukas-more-11.jpg 1707w\" sizes=\"(max-width: 1366px) 100vw, 1366px\" \/><\/figure>\n\t\t\t\t\t\t\t\t<\/div>\n\t\t\t\t<div class=\"elementor-element elementor-element-c4c15e3 elementor-widget elementor-widget-button\" data-id=\"c4c15e3\" data-element_type=\"widget\" data-e-type=\"widget\" data-widget_type=\"button.default\">\n\t\t\t\t\t\t\t\t\t\t<a class=\"elementor-button elementor-button-link elementor-size-sm\" href=\"\/de\/die-boys\/\">\n\t\t\t\t\t\t<span class=\"elementor-button-content-wrapper\">\n\t\t\t\t\t\t\t\t\t<span class=\"elementor-button-text\">Alle Fotositzungen anzeigen<\/span>\n\t\t\t\t\t<\/span>\n\t\t\t\t\t<\/a>\n\t\t\t\t\t\t\t\t<\/div>\n\t\t\t\t\t<\/div>\n\t\t\t\t<\/div>\n\t\t\t\t<\/div>","protected":false},"excerpt":{"rendered":"<p>R\u00fcckblick auf die 3 Shootings im August in Paris: Gu\u00e9no, Cl\u00e9ment und Loukas More, zwischen Portr\u00e4t, Unterw\u00e4sche und k\u00fcnstlerischem Akt.<\/p>","protected":false},"author":1,"featured_media":8127,"comment_status":"open","ping_status":"open","sticky":false,"template":"","format":"standard","meta":{"footnotes":""},"categories":[1],"tags":[],"class_list":["post-8124","post","type-post","status-publish","format-standard","has-post-thumbnail","hentry","category-actualites"],"aioseo_notices":[],"aioseo_head":"\n\t\t<!-- All in One SEO 5.0.1.1 - aioseo.com -->\n\t<meta name=\"description\" content=\"Retour sur les 3 shootings du mois d&#039;ao\u00fbt, r\u00e9alis\u00e9s \u00e0 Paris : Gu\u00e9no, Cl\u00e9ment et Loukas More, entre portrait, sous-v\u00eatements et nu artistique.\" \/>\n\t<meta name=\"robots\" content=\"max-image-preview:large\" \/>\n\t<meta name=\"author\" content=\"ADART PARIS\"\/>\n\t<meta name=\"google-site-verification\" content=\"wfJMgEuP9dVgS9St9bc8s61h3EnN0FCWuXjOjw0Alr0\" \/>\n\t<meta name=\"p:domain_verify\" content=\"89ef08ea553fa64c84a5bcf90e884e54\" \/>\n\t<link rel=\"canonical\" href=\"https:\/\/adartparis.com\/de\/actualites\/aout-2026-gueno-clement-et-loukas-more-devant-lobjectif-8124\/\" \/>\n\t<meta name=\"generator\" content=\"All in One SEO (AIOSEO) 5.0.1.1\" \/>\n\t\t<meta property=\"og:locale\" content=\"de_DE\" \/>\n\t\t<meta property=\"og:site_name\" content=\"ADART PARIS - Photographe masculin\" \/>\n\t\t<meta property=\"og:type\" content=\"article\" \/>\n\t\t<meta property=\"og:title\" content=\"Ao\u00fbt 2026 : Gu\u00e9no, Cl\u00e9ment et Loukas More devant l\u2019objectif - ADART PARIS\" \/>\n\t\t<meta property=\"og:description\" content=\"Retour sur les 3 shootings du mois d&#039;ao\u00fbt, r\u00e9alis\u00e9s \u00e0 Paris : Gu\u00e9no, Cl\u00e9ment et Loukas More, entre portrait, sous-v\u00eatements et nu artistique.\" \/>\n\t\t<meta property=\"og:url\" content=\"https:\/\/adartparis.com\/de\/actualites\/aout-2026-gueno-clement-et-loukas-more-devant-lobjectif-8124\/\" \/>\n\t\t<meta property=\"fb:admins\" content=\"61591467820407\" \/>\n\t\t<meta property=\"og:image\" content=\"https:\/\/adartparis.com\/wp-content\/uploads\/2026\/08\/vignette-flashback-aout-2026.jpg\" \/>\n\t\t<meta property=\"og:image:secure_url\" content=\"https:\/\/adartparis.com\/wp-content\/uploads\/2026\/08\/vignette-flashback-aout-2026.jpg\" \/>\n\t\t<meta property=\"og:image:width\" content=\"1500\" \/>\n\t\t<meta property=\"og:image:height\" content=\"1000\" \/>\n\t\t<meta property=\"article:published_time\" content=\"2026-08-30T20:24:03+00:00\" \/>\n\t\t<meta property=\"article:modified_time\" content=\"2026-08-30T20:27:47+00:00\" \/>\n\t\t<meta property=\"article:publisher\" content=\"https:\/\/www.facebook.com\/adartparis\" \/>\n\t\t<meta name=\"twitter:card\" content=\"summary_large_image\" \/>\n\t\t<meta name=\"twitter:site\" content=\"@ADART_PARIS\" \/>\n\t\t<meta name=\"twitter:title\" content=\"Ao\u00fbt 2026 : Gu\u00e9no, Cl\u00e9ment et Loukas More devant l\u2019objectif - ADART PARIS\" \/>\n\t\t<meta name=\"twitter:description\" content=\"Retour sur les 3 shootings du mois d&#039;ao\u00fbt, r\u00e9alis\u00e9s \u00e0 Paris : Gu\u00e9no, Cl\u00e9ment et Loukas More, entre portrait, sous-v\u00eatements et nu artistique.\" \/>\n\t\t<meta name=\"twitter:image\" content=\"https:\/\/adartparis.com\/wp-content\/uploads\/2026\/08\/vignette-flashback-aout-2026.jpg\" \/>\n\t\t<!-- All in One SEO -->\n\n","aioseo_head_json":{"title":"August 2026: Gu\u00e9no, Cl\u00e9ment und Loukas More vor der Kamera - ADART PARIS","description":"R\u00fcckblick auf die 3 Shootings im August in Paris: Gu\u00e9no, Cl\u00e9ment und Loukas More, zwischen Portr\u00e4t, Unterw\u00e4sche und Aktfotografie.","canonical_url":"https:\/\/adartparis.com\/de\/actualites\/aout-2026-gueno-clement-et-loukas-more-devant-lobjectif-8124\/","robots":"max-image-preview:large","keywords":"","webmasterTools":{"google-site-verification":"wfJMgEuP9dVgS9St9bc8s61h3EnN0FCWuXjOjw0Alr0","p:domain_verify":"89ef08ea553fa64c84a5bcf90e884e54","miscellaneous":""},"schema":null,"og:locale":"de_DE","og:site_name":"ADART PARIS - Photographe masculin","og:type":"article","og:title":"Ao\u00fbt 2026 : Gu\u00e9no, Cl\u00e9ment et Loukas More devant l\u2019objectif - ADART PARIS","og:description":"Retour sur les 3 shootings du mois d'ao\u00fbt, r\u00e9alis\u00e9s \u00e0 Paris : Gu\u00e9no, Cl\u00e9ment et Loukas More, entre portrait, sous-v\u00eatements et nu artistique.","og:url":"https:\/\/adartparis.com\/de\/actualites\/aout-2026-gueno-clement-et-loukas-more-devant-lobjectif-8124\/","fb:admins":"61591467820407","og:image":"https:\/\/adartparis.com\/wp-content\/uploads\/2026\/08\/vignette-flashback-aout-2026.jpg","og:image:secure_url":"https:\/\/adartparis.com\/wp-content\/uploads\/2026\/08\/vignette-flashback-aout-2026.jpg","og:image:width":1500,"og:image:height":1000,"article:published_time":"2026-08-30T20:24:03+00:00","article:modified_time":"2026-08-30T20:27:47+00:00","article:publisher":"https:\/\/www.facebook.com\/adartparis","twitter:card":"summary_large_image","twitter:site":"@ADART_PARIS","twitter:title":"Ao\u00fbt 2026 : Gu\u00e9no, Cl\u00e9ment et Loukas More devant l\u2019objectif - ADART PARIS","twitter:description":"Retour sur les 3 shootings du mois d'ao\u00fbt, r\u00e9alis\u00e9s \u00e0 Paris : Gu\u00e9no, Cl\u00e9ment et Loukas More, entre portrait, sous-v\u00eatements et nu artistique.","twitter:image":"https:\/\/adartparis.com\/wp-content\/uploads\/2026\/08\/vignette-flashback-aout-2026.jpg"},"aioseo_meta_data":{"post_id":"8124","title":null,"description":null,"keywords":null,"keyphrases":{"focus":{"keyphrase":"","score":0,"analysis":{"keyphraseInTitle":{"score":0,"maxScore":9,"error":1}}},"additional":[]},"primary_term":null,"canonical_url":null,"og_title":null,"og_description":null,"og_object_type":"default","og_image_type":"default","og_image_url":null,"og_image_width":null,"og_image_height":null,"og_image_custom_url":null,"og_image_custom_fields":null,"og_video":"","og_custom_url":null,"og_article_section":null,"og_article_tags":null,"twitter_use_og":false,"twitter_card":"default","twitter_image_type":"default","twitter_image_url":null,"twitter_image_custom_url":null,"twitter_image_custom_fields":null,"twitter_title":null,"twitter_description":null,"schema":{"blockGraphs":[],"customGraphs":[],"default":{"data":{"Article":[],"Course":[],"Dataset":[],"FAQPage":[],"Movie":[],"Person":[],"Product":[],"ProductReview":[],"Car":[],"Recipe":[],"Service":[],"SoftwareApplication":[],"WebPage":[]},"graphName":"BlogPosting","isEnabled":true},"graphs":[]},"schema_type":"default","schema_type_options":null,"pillar_content":false,"robots_default":true,"robots_noindex":false,"robots_noarchive":false,"robots_nosnippet":false,"robots_nofollow":false,"robots_noimageindex":false,"robots_noodp":false,"robots_notranslate":false,"robots_max_snippet":"-1","robots_max_videopreview":"-1","robots_max_imagepreview":"large","priority":null,"frequency":"default","local_seo":null,"breadcrumb_settings":null,"limit_modified_date":false,"ai":{"faqs":[],"keyPoints":[],"schemas":[],"titles":[],"descriptions":[],"socialPosts":{"email":{"subject":"","preview":"","content":""},"linkedin":[],"twitter":[],"facebook":[],"instagram":[]}},"created":"2026-08-30 20:14:43","updated":"2026-08-30 22:06:35","seo_analyzer_scan_date":null,"focus_keyword":null,"additional_keywords":null,"truseo_locale":null},"aioseo_breadcrumb":"<div class=\"aioseo-breadcrumbs\"><span class=\"aioseo-breadcrumb\">\n\t\t\t<a href=\"https:\/\/adartparis.com\/de\" title=\"Accueil\">Accueil<\/a>\n\t\t<\/span><span class=\"aioseo-breadcrumb-separator\">\u203a<\/span><span class=\"aioseo-breadcrumb\">\n\t\t\t<a href=\"https:\/\/adartparis.com\/de\/category\/actualites\/\" title=\"Actualit\u00e9s\">Actualit\u00e9s<\/a>\n\t\t<\/span><span class=\"aioseo-breadcrumb-separator\">\u203a<\/span><span class=\"aioseo-breadcrumb\">\n\t\t\tAo\u00fbt 2026 : Gu\u00e9no, Cl\u00e9ment et Loukas More devant l\u2019objectif\n\t\t<\/span><\/div>","aioseo_breadcrumb_json":[{"label":"Accueil","link":"https:\/\/adartparis.com\/de"},{"label":"Actualit\u00e9s","link":"https:\/\/adartparis.com\/de\/category\/actualites\/"},{"label":"Ao\u00fbt 2026\u00a0: Gu\u00e9no, Cl\u00e9ment et Loukas More devant l\u2019objectif","link":"https:\/\/adartparis.com\/de\/actualites\/aout-2026-gueno-clement-et-loukas-more-devant-lobjectif-8124\/"}],"_links":{"self":[{"href":"https:\/\/adartparis.com\/de\/wp-json\/wp\/v2\/posts\/8124","targetHints":{"allow":["GET"]}}],"collection":[{"href":"https:\/\/adartparis.com\/de\/wp-json\/wp\/v2\/posts"}],"about":[{"href":"https:\/\/adartparis.com\/de\/wp-json\/wp\/v2\/types\/post"}],"author":[{"embeddable":true,"href":"https:\/\/adartparis.com\/de\/wp-json\/wp\/v2\/users\/1"}],"replies":[{"embeddable":true,"href":"https:\/\/adartparis.com\/de\/wp-json\/wp\/v2\/comments?post=8124"}],"version-history":[{"count":7,"href":"https:\/\/adartparis.com\/de\/wp-json\/wp\/v2\/posts\/8124\/revisions"}],"predecessor-version":[{"id":8132,"href":"https:\/\/adartparis.com\/de\/wp-json\/wp\/v2\/posts\/8124\/revisions\/8132"}],"wp:featuredmedia":[{"embeddable":true,"href":"https:\/\/adartparis.com\/de\/wp-json\/wp\/v2\/media\/8127"}],"wp:attachment":[{"href":"https:\/\/adartparis.com\/de\/wp-json\/wp\/v2\/media?parent=8124"}],"wp:term":[{"taxonomy":"category","embeddable":true,"href":"https:\/\/adartparis.com\/de\/wp-json\/wp\/v2\/categories?post=8124"},{"taxonomy":"post_tag","embeddable":true,"href":"https:\/\/adartparis.com\/de\/wp-json\/wp\/v2\/tags?post=8124"}],"curies":[{"name":"wp","href":"https:\/\/api.w.org\/{rel}","templated":true}]}}