{"id":7209,"date":"2026-08-17T17:13:47","date_gmt":"2026-08-17T17:13:47","guid":{"rendered":"https:\/\/adartparis.com\/?p=7209"},"modified":"2026-08-26T22:40:36","modified_gmt":"2026-08-26T22:40:36","slug":"hugos-auswahl-seiner-14-lieblingsportrats","status":"publish","type":"post","link":"https:\/\/adartparis.com\/de\/actualites\/hugo-sa-selection-de-14-portraits-preferes-7209\/","title":{"rendered":"Hugo: Seine Auswahl von 14 Lieblingsportr\u00e4ts"},"content":{"rendered":"<div data-elementor-type=\"wp-post\" data-elementor-id=\"7209\" class=\"elementor elementor-7209\" data-elementor-post-type=\"post\">\n\t\t\t\t<div class=\"elementor-element elementor-element-760ea00e e-flex e-con-boxed e-con e-parent\" data-id=\"760ea00e\" data-element_type=\"container\" data-e-type=\"container\">\n\t\t\t\t\t<div class=\"e-con-inner\">\n\t\t\t\t<div class=\"elementor-element elementor-element-14202c52 article-intro elementor-widget elementor-widget-text-editor\" data-id=\"14202c52\" data-element_type=\"widget\" data-e-type=\"widget\" data-widget_type=\"text-editor.default\">\n\t\t\t\t\t\t\t\t\t\n<p class=\"wp-block-paragraph\">Hugo hat seine 14 Lieblingsportr\u00e4ts von <a href=\"\/de\/die-boys\/hugo\/\">seine Fotoserie<\/a> aufgenommen in Paris im Juli 2026. Entdecke ihre Auswahl und die Atmosph\u00e4re des Shootings, signiert von Adart. Ein gro\u00dfer Teil besteht aus unver\u00f6ffentlichten Posen.<\/p>\n\n<p class=\"wp-block-paragraph\">Nach dem Shooting Ende Juli 2026 in einer Pariser Wohnung hat Hugo die gesamte Serie durchgesehen und selbst die 14 Portraits ausgew\u00e4hlt, die ihm am besten gefallen. Eine Auswahl, die vom sehr markanten Farbportr\u00e4t in farbigem Licht bis hin zum ruhigeren Schwarz-Wei\u00df-Bild reicht, aufgenommen mit modernen Fujifilm-Objektiven und einem analogen Vintage-Objektiv (Helios 44-2). Hier ist seine Auswahl, nach Stimmung sortiert.<\/p>\n\t\t\t\t\t\t\t\t<\/div>\n\t\t\t\t\t<\/div>\n\t\t\t\t<\/div>\n\t\t<div class=\"elementor-element elementor-element-e4240ca e-con-full e-flex e-con e-child\" data-id=\"e4240ca\" data-element_type=\"container\" data-e-type=\"container\">\n\t\t\t\t<div class=\"elementor-element elementor-element-6107327 elementor-widget elementor-widget-text-editor\" data-id=\"6107327\" data-element_type=\"widget\" data-e-type=\"widget\" data-widget_type=\"text-editor.default\">\n\t\t\t\t\t\t\t\t\t\n<h2 class=\"wp-block-heading\">Materie und Licht, analoge Wiedergabe<\/h2>\n\n<p class=\"wp-block-paragraph\">Vier experimentellere Bilder, bei denen das Vintage-Objektiv und die Bewegungsunsch\u00e4rfe die Oberhand \u00fcber das scharfe Portr\u00e4t gewinnen.<\/p>\n\t\t\t\t\t\t\t\t<\/div>\n\t\t\t\t<div class=\"elementor-element elementor-element-e7331db gallery-spacing-custom elementor-widget elementor-widget-image-gallery\" data-id=\"e7331db\" data-element_type=\"widget\" data-e-type=\"widget\" data-widget_type=\"image-gallery.default\">\n\t\t\t\t\t\t\t<div class=\"elementor-image-gallery\">\n\t\t\t<div id='gallery-1' class='gallery galleryid-7209 gallery-columns-2 gallery-size-1536x1536'><figure class='gallery-item'>\n\t\t\t<div class='gallery-icon portrait'>\n\t\t\t\t<a data-elementor-open-lightbox=\"yes\" data-elementor-lightbox-slideshow=\"e7331db\" data-e-action-hash=\"#elementor-action%3Aaction%3Dlightbox%26settings%3DeyJpZCI6NzIzNCwidXJsIjoiaHR0cHM6XC9cL2FkYXJ0cGFyaXMuY29tXC93cC1jb250ZW50XC91cGxvYWRzXC8yMDI2XC8wOFwvaHVnby0zMy5qcGciLCJzbGlkZXNob3ciOiJlNzMzMWRiIn0%3D\" href='https:\/\/adartparis.com\/wp-content\/uploads\/2026\/08\/hugo-33.jpg'><img decoding=\"async\" width=\"1024\" height=\"1536\" src=\"https:\/\/adartparis.com\/wp-content\/uploads\/2026\/08\/hugo-33-1024x1536.jpg\" class=\"attachment-1536x1536 size-1536x1536\" alt=\"Hugo, verschwommenes M\u00e4nnerportr\u00e4t in blauem Licht, Bewegungseffekt, wei\u00dfes Unterhemd\" srcset=\"https:\/\/adartparis.com\/wp-content\/uploads\/2026\/08\/hugo-33-1024x1536.jpg 1024w, https:\/\/adartparis.com\/wp-content\/uploads\/2026\/08\/hugo-33-1200x1800.jpg 1200w, https:\/\/adartparis.com\/wp-content\/uploads\/2026\/08\/hugo-33-480x720.jpg 480w, https:\/\/adartparis.com\/wp-content\/uploads\/2026\/08\/hugo-33-768x1152.jpg 768w, https:\/\/adartparis.com\/wp-content\/uploads\/2026\/08\/hugo-33-1366x2048.jpg 1366w, https:\/\/adartparis.com\/wp-content\/uploads\/2026\/08\/hugo-33-8x12.jpg 8w, https:\/\/adartparis.com\/wp-content\/uploads\/2026\/08\/hugo-33-600x900.jpg 600w, https:\/\/adartparis.com\/wp-content\/uploads\/2026\/08\/hugo-33.jpg 1707w\" sizes=\"(max-width: 1024px) 100vw, 1024px\" \/><\/a>\n\t\t\t<\/div><\/figure><figure class='gallery-item'>\n\t\t\t<div class='gallery-icon portrait'>\n\t\t\t\t<a data-elementor-open-lightbox=\"yes\" data-elementor-lightbox-slideshow=\"e7331db\" data-e-action-hash=\"#elementor-action%3Aaction%3Dlightbox%26settings%3DeyJpZCI6NTQ4NCwidXJsIjoiaHR0cHM6XC9cL2FkYXJ0cGFyaXMuY29tXC93cC1jb250ZW50XC91cGxvYWRzXC8yMDI2XC8wN1wvaHVnby0xNC5qcGciLCJzbGlkZXNob3ciOiJlNzMzMWRiIn0%3D\" href='https:\/\/adartparis.com\/wp-content\/uploads\/2026\/07\/hugo-14.jpg'><img decoding=\"async\" width=\"1024\" height=\"1536\" src=\"https:\/\/adartparis.com\/wp-content\/uploads\/2026\/07\/hugo-14-1024x1536.jpg\" class=\"attachment-1536x1536 size-1536x1536\" alt=\"Nahaufnahme von Hugos Oberk\u00f6rper in einem wei\u00dfen Tanktop, warme rote Beleuchtung\" aria-describedby=\"gallery-1-5484\" srcset=\"https:\/\/adartparis.com\/wp-content\/uploads\/2026\/07\/hugo-14-1024x1536.jpg 1024w, https:\/\/adartparis.com\/wp-content\/uploads\/2026\/07\/hugo-14-1200x1800.jpg 1200w, https:\/\/adartparis.com\/wp-content\/uploads\/2026\/07\/hugo-14-480x720.jpg 480w, https:\/\/adartparis.com\/wp-content\/uploads\/2026\/07\/hugo-14-768x1152.jpg 768w, https:\/\/adartparis.com\/wp-content\/uploads\/2026\/07\/hugo-14-1366x2048.jpg 1366w, https:\/\/adartparis.com\/wp-content\/uploads\/2026\/07\/hugo-14-8x12.jpg 8w, https:\/\/adartparis.com\/wp-content\/uploads\/2026\/07\/hugo-14-600x900.jpg 600w, https:\/\/adartparis.com\/wp-content\/uploads\/2026\/07\/hugo-14.jpg 1707w\" sizes=\"(max-width: 1024px) 100vw, 1024px\" \/><\/a>\n\t\t\t<\/div>\n\t\t\t\t<figcaption class='wp-caption-text gallery-caption' id='gallery-1-5484'>\n\t\t\t\tNahaufnahme von Hugos B\u00fcste im wei\u00dfen Tanktop, warme rote Beleuchtung\n\t\t\t\t<\/figcaption><\/figure><figure class='gallery-item'>\n\t\t\t<div class='gallery-icon portrait'>\n\t\t\t\t<a data-elementor-open-lightbox=\"yes\" data-elementor-lightbox-slideshow=\"e7331db\" data-e-action-hash=\"#elementor-action%3Aaction%3Dlightbox%26settings%3DeyJpZCI6NzIzMywidXJsIjoiaHR0cHM6XC9cL2FkYXJ0cGFyaXMuY29tXC93cC1jb250ZW50XC91cGxvYWRzXC8yMDI2XC8wOFwvaHVnby0zMi5qcGciLCJzbGlkZXNob3ciOiJlNzMzMWRiIn0%3D\" href='https:\/\/adartparis.com\/wp-content\/uploads\/2026\/08\/hugo-32.jpg'><img decoding=\"async\" width=\"1024\" height=\"1536\" src=\"https:\/\/adartparis.com\/wp-content\/uploads\/2026\/08\/hugo-32-1024x1536.jpg\" class=\"attachment-1536x1536 size-1536x1536\" alt=\"Hugo, Portr\u00e4t eines b\u00e4rtigen Mannes im roten Licht, Hand nahe am Gesicht, Yamaha-Jacke\" srcset=\"https:\/\/adartparis.com\/wp-content\/uploads\/2026\/08\/hugo-32-1024x1536.jpg 1024w, https:\/\/adartparis.com\/wp-content\/uploads\/2026\/08\/hugo-32-1200x1800.jpg 1200w, https:\/\/adartparis.com\/wp-content\/uploads\/2026\/08\/hugo-32-480x720.jpg 480w, https:\/\/adartparis.com\/wp-content\/uploads\/2026\/08\/hugo-32-768x1152.jpg 768w, https:\/\/adartparis.com\/wp-content\/uploads\/2026\/08\/hugo-32-1366x2048.jpg 1366w, https:\/\/adartparis.com\/wp-content\/uploads\/2026\/08\/hugo-32-8x12.jpg 8w, https:\/\/adartparis.com\/wp-content\/uploads\/2026\/08\/hugo-32-600x900.jpg 600w, https:\/\/adartparis.com\/wp-content\/uploads\/2026\/08\/hugo-32.jpg 1707w\" sizes=\"(max-width: 1024px) 100vw, 1024px\" \/><\/a>\n\t\t\t<\/div><\/figure><figure class='gallery-item'>\n\t\t\t<div class='gallery-icon portrait'>\n\t\t\t\t<a data-elementor-open-lightbox=\"yes\" data-elementor-lightbox-slideshow=\"e7331db\" data-e-action-hash=\"#elementor-action%3Aaction%3Dlightbox%26settings%3DeyJpZCI6NTY1MSwidXJsIjoiaHR0cHM6XC9cL2FkYXJ0cGFyaXMuY29tXC93cC1jb250ZW50XC91cGxvYWRzXC8yMDI2XC8wN1wvaHVnby0zMC5qcGciLCJzbGlkZXNob3ciOiJlNzMzMWRiIn0%3D\" href='https:\/\/adartparis.com\/wp-content\/uploads\/2026\/07\/hugo-30.jpg'><img decoding=\"async\" width=\"1024\" height=\"1536\" src=\"https:\/\/adartparis.com\/wp-content\/uploads\/2026\/07\/hugo-30-1024x1536.jpg\" class=\"attachment-1536x1536 size-1536x1536\" alt=\"Portr\u00e4t von Hugo in heller Atmosph\u00e4re, altes Fotoobjektiv, Schwarz-Wei\u00df-Bild\" srcset=\"https:\/\/adartparis.com\/wp-content\/uploads\/2026\/07\/hugo-30-1024x1536.jpg 1024w, https:\/\/adartparis.com\/wp-content\/uploads\/2026\/07\/hugo-30-1200x1800.jpg 1200w, https:\/\/adartparis.com\/wp-content\/uploads\/2026\/07\/hugo-30-480x720.jpg 480w, https:\/\/adartparis.com\/wp-content\/uploads\/2026\/07\/hugo-30-768x1152.jpg 768w, https:\/\/adartparis.com\/wp-content\/uploads\/2026\/07\/hugo-30-1366x2048.jpg 1366w, https:\/\/adartparis.com\/wp-content\/uploads\/2026\/07\/hugo-30-8x12.jpg 8w, https:\/\/adartparis.com\/wp-content\/uploads\/2026\/07\/hugo-30-600x900.jpg 600w, https:\/\/adartparis.com\/wp-content\/uploads\/2026\/07\/hugo-30.jpg 1707w\" sizes=\"(max-width: 1024px) 100vw, 1024px\" \/><\/a>\n\t\t\t<\/div><\/figure>\n\t\t<\/div>\n\t\t<\/div>\n\t\t\t\t\t\t<\/div>\n\t\t\t\t<\/div>\n\t\t<div class=\"elementor-element elementor-element-5fd2acf e-flex e-con-boxed e-con e-parent\" data-id=\"5fd2acf\" data-element_type=\"container\" data-e-type=\"container\">\n\t\t\t\t\t<div class=\"e-con-inner\">\n\t\t\t\t<div class=\"elementor-element elementor-element-85c1699 elementor-widget elementor-widget-text-editor\" data-id=\"85c1699\" data-element_type=\"widget\" data-e-type=\"widget\" data-widget_type=\"text-editor.default\">\n\t\t\t\t\t\t\t\t\t\n<h2 class=\"wp-block-heading\">Schwarz-Wei\u00df, gestellte Portraits<\/h2>\n\n<p class=\"wp-block-paragraph\">Ein schlichterer Teil: Hugo liegt ausgestreckt und ruhig da, ein paar engere Ausschnitte auf Details.<\/p>\n\t\t\t\t\t\t\t\t<\/div>\n\t\t\t\t<div class=\"elementor-element elementor-element-64ed8ad gallery-spacing-custom elementor-widget elementor-widget-image-gallery\" data-id=\"64ed8ad\" data-element_type=\"widget\" data-e-type=\"widget\" data-widget_type=\"image-gallery.default\">\n\t\t\t\t\t\t\t<div class=\"elementor-image-gallery\">\n\t\t\t<div id='gallery-2' class='gallery galleryid-7209 gallery-columns-2 gallery-size-1536x1536'><figure class='gallery-item'>\n\t\t\t<div class='gallery-icon portrait'>\n\t\t\t\t<a data-elementor-open-lightbox=\"yes\" data-elementor-lightbox-slideshow=\"64ed8ad\" data-e-action-hash=\"#elementor-action%3Aaction%3Dlightbox%26settings%3DeyJpZCI6NzI0MSwidXJsIjoiaHR0cHM6XC9cL2FkYXJ0cGFyaXMuY29tXC93cC1jb250ZW50XC91cGxvYWRzXC8yMDI2XC8wOFwvaHVnby00MC5qcGciLCJzbGlkZXNob3ciOiI2NGVkOGFkIn0%3D\" href='https:\/\/adartparis.com\/wp-content\/uploads\/2026\/08\/hugo-40.jpg'><img decoding=\"async\" width=\"1024\" height=\"1536\" src=\"https:\/\/adartparis.com\/wp-content\/uploads\/2026\/08\/hugo-40-1024x1536.jpg\" class=\"attachment-1536x1536 size-1536x1536\" alt=\"Nahaufnahme von Hugos Gesicht, der Arm vor dem Gesicht angewinkelt, nahes Schwarz-Wei\u00df-Portr\u00e4t\" srcset=\"https:\/\/adartparis.com\/wp-content\/uploads\/2026\/08\/hugo-40-1024x1536.jpg 1024w, https:\/\/adartparis.com\/wp-content\/uploads\/2026\/08\/hugo-40-1200x1800.jpg 1200w, https:\/\/adartparis.com\/wp-content\/uploads\/2026\/08\/hugo-40-480x720.jpg 480w, https:\/\/adartparis.com\/wp-content\/uploads\/2026\/08\/hugo-40-768x1152.jpg 768w, https:\/\/adartparis.com\/wp-content\/uploads\/2026\/08\/hugo-40-1366x2048.jpg 1366w, https:\/\/adartparis.com\/wp-content\/uploads\/2026\/08\/hugo-40-8x12.jpg 8w, https:\/\/adartparis.com\/wp-content\/uploads\/2026\/08\/hugo-40-600x900.jpg 600w, https:\/\/adartparis.com\/wp-content\/uploads\/2026\/08\/hugo-40.jpg 1707w\" sizes=\"(max-width: 1024px) 100vw, 1024px\" \/><\/a>\n\t\t\t<\/div><\/figure><figure class='gallery-item'>\n\t\t\t<div class='gallery-icon portrait'>\n\t\t\t\t<a data-elementor-open-lightbox=\"yes\" data-elementor-lightbox-slideshow=\"64ed8ad\" data-e-action-hash=\"#elementor-action%3Aaction%3Dlightbox%26settings%3DeyJpZCI6NzIzNywidXJsIjoiaHR0cHM6XC9cL2FkYXJ0cGFyaXMuY29tXC93cC1jb250ZW50XC91cGxvYWRzXC8yMDI2XC8wOFwvaHVnby0zNi5qcGciLCJzbGlkZXNob3ciOiI2NGVkOGFkIn0%3D\" href='https:\/\/adartparis.com\/wp-content\/uploads\/2026\/08\/hugo-36.jpg'><img decoding=\"async\" width=\"1024\" height=\"1536\" src=\"https:\/\/adartparis.com\/wp-content\/uploads\/2026\/08\/hugo-36-1024x1536.jpg\" class=\"attachment-1536x1536 size-1536x1536\" alt=\"Schwarz-Wei\u00df-Portr\u00e4t von Hugo mit freiem Oberk\u00f6rper, Kette und Anh\u00e4nger, Blick in die Kamera\" srcset=\"https:\/\/adartparis.com\/wp-content\/uploads\/2026\/08\/hugo-36-1024x1536.jpg 1024w, https:\/\/adartparis.com\/wp-content\/uploads\/2026\/08\/hugo-36-1200x1800.jpg 1200w, https:\/\/adartparis.com\/wp-content\/uploads\/2026\/08\/hugo-36-480x720.jpg 480w, https:\/\/adartparis.com\/wp-content\/uploads\/2026\/08\/hugo-36-768x1152.jpg 768w, https:\/\/adartparis.com\/wp-content\/uploads\/2026\/08\/hugo-36-1366x2048.jpg 1366w, https:\/\/adartparis.com\/wp-content\/uploads\/2026\/08\/hugo-36-8x12.jpg 8w, https:\/\/adartparis.com\/wp-content\/uploads\/2026\/08\/hugo-36-600x900.jpg 600w, https:\/\/adartparis.com\/wp-content\/uploads\/2026\/08\/hugo-36.jpg 1707w\" sizes=\"(max-width: 1024px) 100vw, 1024px\" \/><\/a>\n\t\t\t<\/div><\/figure><figure class='gallery-item'>\n\t\t\t<div class='gallery-icon portrait'>\n\t\t\t\t<a data-elementor-open-lightbox=\"yes\" data-elementor-lightbox-slideshow=\"64ed8ad\" data-e-action-hash=\"#elementor-action%3Aaction%3Dlightbox%26settings%3DeyJpZCI6NzI0MCwidXJsIjoiaHR0cHM6XC9cL2FkYXJ0cGFyaXMuY29tXC93cC1jb250ZW50XC91cGxvYWRzXC8yMDI2XC8wOFwvaHVnby0zOS5qcGciLCJzbGlkZXNob3ciOiI2NGVkOGFkIn0%3D\" href='https:\/\/adartparis.com\/wp-content\/uploads\/2026\/08\/hugo-39.jpg'><img decoding=\"async\" width=\"1024\" height=\"1536\" src=\"https:\/\/adartparis.com\/wp-content\/uploads\/2026\/08\/hugo-39-1024x1536.jpg\" class=\"attachment-1536x1536 size-1536x1536\" alt=\"Hugo liegt mit nacktem Oberk\u00f6rper, den Arm \u00fcber den Kopf gehoben, der Blick im Profil\" srcset=\"https:\/\/adartparis.com\/wp-content\/uploads\/2026\/08\/hugo-39-1024x1536.jpg 1024w, https:\/\/adartparis.com\/wp-content\/uploads\/2026\/08\/hugo-39-1200x1800.jpg 1200w, https:\/\/adartparis.com\/wp-content\/uploads\/2026\/08\/hugo-39-480x720.jpg 480w, https:\/\/adartparis.com\/wp-content\/uploads\/2026\/08\/hugo-39-768x1152.jpg 768w, https:\/\/adartparis.com\/wp-content\/uploads\/2026\/08\/hugo-39-1366x2048.jpg 1366w, https:\/\/adartparis.com\/wp-content\/uploads\/2026\/08\/hugo-39-8x12.jpg 8w, https:\/\/adartparis.com\/wp-content\/uploads\/2026\/08\/hugo-39-600x900.jpg 600w, https:\/\/adartparis.com\/wp-content\/uploads\/2026\/08\/hugo-39.jpg 1707w\" sizes=\"(max-width: 1024px) 100vw, 1024px\" \/><\/a>\n\t\t\t<\/div><\/figure><figure class='gallery-item'>\n\t\t\t<div class='gallery-icon portrait'>\n\t\t\t\t<a data-elementor-open-lightbox=\"yes\" data-elementor-lightbox-slideshow=\"64ed8ad\" data-e-action-hash=\"#elementor-action%3Aaction%3Dlightbox%26settings%3DeyJpZCI6NzI0MiwidXJsIjoiaHR0cHM6XC9cL2FkYXJ0cGFyaXMuY29tXC93cC1jb250ZW50XC91cGxvYWRzXC8yMDI2XC8wOFwvaHVnby00MS5qcGciLCJzbGlkZXNob3ciOiI2NGVkOGFkIn0%3D\" href='https:\/\/adartparis.com\/wp-content\/uploads\/2026\/08\/hugo-41.jpg'><img decoding=\"async\" width=\"1024\" height=\"1536\" src=\"https:\/\/adartparis.com\/wp-content\/uploads\/2026\/08\/hugo-41-1024x1536.jpg\" class=\"attachment-1536x1536 size-1536x1536\" alt=\"Detailaufnahme von Hugos Nacken, feine Kette und Ohrpiercing, Schwarz-Wei\u00df-Portr\u00e4t\" srcset=\"https:\/\/adartparis.com\/wp-content\/uploads\/2026\/08\/hugo-41-1024x1536.jpg 1024w, https:\/\/adartparis.com\/wp-content\/uploads\/2026\/08\/hugo-41-1200x1800.jpg 1200w, https:\/\/adartparis.com\/wp-content\/uploads\/2026\/08\/hugo-41-480x720.jpg 480w, https:\/\/adartparis.com\/wp-content\/uploads\/2026\/08\/hugo-41-768x1152.jpg 768w, https:\/\/adartparis.com\/wp-content\/uploads\/2026\/08\/hugo-41-1366x2048.jpg 1366w, https:\/\/adartparis.com\/wp-content\/uploads\/2026\/08\/hugo-41-8x12.jpg 8w, https:\/\/adartparis.com\/wp-content\/uploads\/2026\/08\/hugo-41-600x900.jpg 600w, https:\/\/adartparis.com\/wp-content\/uploads\/2026\/08\/hugo-41.jpg 1707w\" sizes=\"(max-width: 1024px) 100vw, 1024px\" \/><\/a>\n\t\t\t<\/div><\/figure><figure class='gallery-item'>\n\t\t\t<div class='gallery-icon portrait'>\n\t\t\t\t<a data-elementor-open-lightbox=\"yes\" data-elementor-lightbox-slideshow=\"64ed8ad\" data-e-action-hash=\"#elementor-action%3Aaction%3Dlightbox%26settings%3DeyJpZCI6NzIzOCwidXJsIjoiaHR0cHM6XC9cL2FkYXJ0cGFyaXMuY29tXC93cC1jb250ZW50XC91cGxvYWRzXC8yMDI2XC8wOFwvaHVnby0zNy5qcGciLCJzbGlkZXNob3ciOiI2NGVkOGFkIn0%3D\" href='https:\/\/adartparis.com\/wp-content\/uploads\/2026\/08\/hugo-37.jpg'><img decoding=\"async\" width=\"1024\" height=\"1536\" src=\"https:\/\/adartparis.com\/wp-content\/uploads\/2026\/08\/hugo-37-1024x1536.jpg\" class=\"attachment-1536x1536 size-1536x1536\" alt=\"Hugo liegend in Schwarz-Wei\u00df, halb geschlossene Augen, ruhige und gelassene Atmosph\u00e4re\" srcset=\"https:\/\/adartparis.com\/wp-content\/uploads\/2026\/08\/hugo-37-1024x1536.jpg 1024w, https:\/\/adartparis.com\/wp-content\/uploads\/2026\/08\/hugo-37-1200x1800.jpg 1200w, https:\/\/adartparis.com\/wp-content\/uploads\/2026\/08\/hugo-37-480x720.jpg 480w, https:\/\/adartparis.com\/wp-content\/uploads\/2026\/08\/hugo-37-768x1152.jpg 768w, https:\/\/adartparis.com\/wp-content\/uploads\/2026\/08\/hugo-37-1366x2048.jpg 1366w, https:\/\/adartparis.com\/wp-content\/uploads\/2026\/08\/hugo-37-8x12.jpg 8w, https:\/\/adartparis.com\/wp-content\/uploads\/2026\/08\/hugo-37-600x900.jpg 600w, https:\/\/adartparis.com\/wp-content\/uploads\/2026\/08\/hugo-37.jpg 1707w\" sizes=\"(max-width: 1024px) 100vw, 1024px\" \/><\/a>\n\t\t\t<\/div><\/figure><figure class='gallery-item'>\n\t\t\t<div class='gallery-icon portrait'>\n\t\t\t\t<a data-elementor-open-lightbox=\"yes\" data-elementor-lightbox-slideshow=\"64ed8ad\" data-e-action-hash=\"#elementor-action%3Aaction%3Dlightbox%26settings%3DeyJpZCI6NTQ4OSwidXJsIjoiaHR0cHM6XC9cL2FkYXJ0cGFyaXMuY29tXC93cC1jb250ZW50XC91cGxvYWRzXC8yMDI2XC8wN1wvaHVnby0xOS5qcGciLCJzbGlkZXNob3ciOiI2NGVkOGFkIn0%3D\" href='https:\/\/adartparis.com\/wp-content\/uploads\/2026\/07\/hugo-19.jpg'><img decoding=\"async\" width=\"1024\" height=\"1536\" src=\"https:\/\/adartparis.com\/wp-content\/uploads\/2026\/07\/hugo-19-1024x1536.jpg\" class=\"attachment-1536x1536 size-1536x1536\" alt=\"Schwarz-wei\u00dfes Portr\u00e4t von Hugo im Liegen, die Arme hinter dem Kopf, entspannter Blick\" aria-describedby=\"gallery-2-5489\" srcset=\"https:\/\/adartparis.com\/wp-content\/uploads\/2026\/07\/hugo-19-1024x1536.jpg 1024w, https:\/\/adartparis.com\/wp-content\/uploads\/2026\/07\/hugo-19-1200x1800.jpg 1200w, https:\/\/adartparis.com\/wp-content\/uploads\/2026\/07\/hugo-19-480x720.jpg 480w, https:\/\/adartparis.com\/wp-content\/uploads\/2026\/07\/hugo-19-768x1152.jpg 768w, https:\/\/adartparis.com\/wp-content\/uploads\/2026\/07\/hugo-19-1366x2048.jpg 1366w, https:\/\/adartparis.com\/wp-content\/uploads\/2026\/07\/hugo-19-8x12.jpg 8w, https:\/\/adartparis.com\/wp-content\/uploads\/2026\/07\/hugo-19-600x900.jpg 600w, https:\/\/adartparis.com\/wp-content\/uploads\/2026\/07\/hugo-19.jpg 1707w\" sizes=\"(max-width: 1024px) 100vw, 1024px\" \/><\/a>\n\t\t\t<\/div>\n\t\t\t\t<figcaption class='wp-caption-text gallery-caption' id='gallery-2-5489'>\n\t\t\t\tSchwarz-Wei\u00df-Portr\u00e4t des daliegenden Hugo, H\u00e4nde hinter dem Kopf, entspannter Blick\n\t\t\t\t<\/figcaption><\/figure>\n\t\t<\/div>\n\t\t<\/div>\n\t\t\t\t\t\t<\/div>\n\t\t\t\t\t<\/div>\n\t\t\t\t<\/div>\n\t\t<div class=\"elementor-element elementor-element-de431d5 e-flex e-con-boxed e-con e-parent\" data-id=\"de431d5\" data-element_type=\"container\" data-e-type=\"container\">\n\t\t\t\t\t<div class=\"e-con-inner\">\n\t\t\t\t<div class=\"elementor-element elementor-element-2127816 elementor-widget elementor-widget-text-editor\" data-id=\"2127816\" data-element_type=\"widget\" data-e-type=\"widget\" data-widget_type=\"text-editor.default\">\n\t\t\t\t\t\t\t\t\t\n<h2 class=\"wp-block-heading\">Farb- und Lichtspiele<\/h2>\n\n<p class=\"wp-block-paragraph\">Hier leistet das ges\u00e4ttigte Licht in Nahaufnahmen des Gesichts die ganze Arbeit: Rot, Rosa, Blau und Violett entsprechen einander von einem Bild zum n\u00e4chsten.<\/p>\n\t\t\t\t\t\t\t\t<\/div>\n\t\t\t\t<div class=\"elementor-element elementor-element-963f50f gallery-spacing-custom elementor-widget elementor-widget-image-gallery\" data-id=\"963f50f\" data-element_type=\"widget\" data-e-type=\"widget\" data-widget_type=\"image-gallery.default\">\n\t\t\t\t\t\t\t<div class=\"elementor-image-gallery\">\n\t\t\t<div id='gallery-3' class='gallery galleryid-7209 gallery-columns-2 gallery-size-1536x1536'><figure class='gallery-item'>\n\t\t\t<div class='gallery-icon portrait'>\n\t\t\t\t<a data-elementor-open-lightbox=\"yes\" data-elementor-lightbox-slideshow=\"963f50f\" data-e-action-hash=\"#elementor-action%3Aaction%3Dlightbox%26settings%3DeyJpZCI6NzIzNSwidXJsIjoiaHR0cHM6XC9cL2FkYXJ0cGFyaXMuY29tXC93cC1jb250ZW50XC91cGxvYWRzXC8yMDI2XC8wOFwvaHVnby0zNC5qcGciLCJzbGlkZXNob3ciOiI5NjNmNTBmIn0%3D\" href='https:\/\/adartparis.com\/wp-content\/uploads\/2026\/08\/hugo-34.jpg'><img decoding=\"async\" width=\"1024\" height=\"1536\" src=\"https:\/\/adartparis.com\/wp-content\/uploads\/2026\/08\/hugo-34-1024x1536.jpg\" class=\"attachment-1536x1536 size-1536x1536\" alt=\"\" srcset=\"https:\/\/adartparis.com\/wp-content\/uploads\/2026\/08\/hugo-34-1024x1536.jpg 1024w, https:\/\/adartparis.com\/wp-content\/uploads\/2026\/08\/hugo-34-1200x1800.jpg 1200w, https:\/\/adartparis.com\/wp-content\/uploads\/2026\/08\/hugo-34-480x720.jpg 480w, https:\/\/adartparis.com\/wp-content\/uploads\/2026\/08\/hugo-34-768x1152.jpg 768w, https:\/\/adartparis.com\/wp-content\/uploads\/2026\/08\/hugo-34-1366x2048.jpg 1366w, https:\/\/adartparis.com\/wp-content\/uploads\/2026\/08\/hugo-34-8x12.jpg 8w, https:\/\/adartparis.com\/wp-content\/uploads\/2026\/08\/hugo-34-600x900.jpg 600w, https:\/\/adartparis.com\/wp-content\/uploads\/2026\/08\/hugo-34.jpg 1707w\" sizes=\"(max-width: 1024px) 100vw, 1024px\" \/><\/a>\n\t\t\t<\/div><\/figure><figure class='gallery-item'>\n\t\t\t<div class='gallery-icon portrait'>\n\t\t\t\t<a data-elementor-open-lightbox=\"yes\" data-elementor-lightbox-slideshow=\"963f50f\" data-e-action-hash=\"#elementor-action%3Aaction%3Dlightbox%26settings%3DeyJpZCI6NTQ3NSwidXJsIjoiaHR0cHM6XC9cL2FkYXJ0cGFyaXMuY29tXC93cC1jb250ZW50XC91cGxvYWRzXC8yMDI2XC8wN1wvaHVnby01LmpwZyIsInNsaWRlc2hvdyI6Ijk2M2Y1MGYifQ%3D%3D\" href='https:\/\/adartparis.com\/wp-content\/uploads\/2026\/07\/hugo-5.jpg'><img decoding=\"async\" width=\"1024\" height=\"1536\" src=\"https:\/\/adartparis.com\/wp-content\/uploads\/2026\/07\/hugo-5-1024x1536.jpg\" class=\"attachment-1536x1536 size-1536x1536\" alt=\"Nahaufnahme von Hugos Gesicht mit geschlossenen Augen, rotem Licht, Halskette und Ohrring\" aria-describedby=\"gallery-3-5475\" srcset=\"https:\/\/adartparis.com\/wp-content\/uploads\/2026\/07\/hugo-5-1024x1536.jpg 1024w, https:\/\/adartparis.com\/wp-content\/uploads\/2026\/07\/hugo-5-1200x1800.jpg 1200w, https:\/\/adartparis.com\/wp-content\/uploads\/2026\/07\/hugo-5-480x720.jpg 480w, https:\/\/adartparis.com\/wp-content\/uploads\/2026\/07\/hugo-5-768x1152.jpg 768w, https:\/\/adartparis.com\/wp-content\/uploads\/2026\/07\/hugo-5-1366x2048.jpg 1366w, https:\/\/adartparis.com\/wp-content\/uploads\/2026\/07\/hugo-5-8x12.jpg 8w, https:\/\/adartparis.com\/wp-content\/uploads\/2026\/07\/hugo-5-600x900.jpg 600w, https:\/\/adartparis.com\/wp-content\/uploads\/2026\/07\/hugo-5.jpg 1707w\" sizes=\"(max-width: 1024px) 100vw, 1024px\" \/><\/a>\n\t\t\t<\/div>\n\t\t\t\t<figcaption class='wp-caption-text gallery-caption' id='gallery-3-5475'>\n\t\t\t\tNahaufnahme von Hugos Gesicht, geschlossene Augen, rotes Licht, Halskette und Ohrring\n\t\t\t\t<\/figcaption><\/figure><figure class='gallery-item'>\n\t\t\t<div class='gallery-icon portrait'>\n\t\t\t\t<a data-elementor-open-lightbox=\"yes\" data-elementor-lightbox-slideshow=\"963f50f\" data-e-action-hash=\"#elementor-action%3Aaction%3Dlightbox%26settings%3DeyJpZCI6NTQ3NywidXJsIjoiaHR0cHM6XC9cL2FkYXJ0cGFyaXMuY29tXC93cC1jb250ZW50XC91cGxvYWRzXC8yMDI2XC8wN1wvaHVnby03LmpwZyIsInNsaWRlc2hvdyI6Ijk2M2Y1MGYifQ%3D%3D\" href='https:\/\/adartparis.com\/wp-content\/uploads\/2026\/07\/hugo-7.jpg'><img decoding=\"async\" width=\"1024\" height=\"1536\" src=\"https:\/\/adartparis.com\/wp-content\/uploads\/2026\/07\/hugo-7-1024x1536.jpg\" class=\"attachment-1536x1536 size-1536x1536\" alt=\"Portr\u00e4t von Hugo mit aufgekn\u00f6pftem Hemd, das ein Tattoo freigibt, blaues und rosafarbenes Licht\" aria-describedby=\"gallery-3-5477\" srcset=\"https:\/\/adartparis.com\/wp-content\/uploads\/2026\/07\/hugo-7-1024x1536.jpg 1024w, https:\/\/adartparis.com\/wp-content\/uploads\/2026\/07\/hugo-7-1200x1800.jpg 1200w, https:\/\/adartparis.com\/wp-content\/uploads\/2026\/07\/hugo-7-480x720.jpg 480w, https:\/\/adartparis.com\/wp-content\/uploads\/2026\/07\/hugo-7-768x1152.jpg 768w, https:\/\/adartparis.com\/wp-content\/uploads\/2026\/07\/hugo-7-1366x2048.jpg 1366w, https:\/\/adartparis.com\/wp-content\/uploads\/2026\/07\/hugo-7-8x12.jpg 8w, https:\/\/adartparis.com\/wp-content\/uploads\/2026\/07\/hugo-7-600x900.jpg 600w, https:\/\/adartparis.com\/wp-content\/uploads\/2026\/07\/hugo-7.jpg 1707w\" sizes=\"(max-width: 1024px) 100vw, 1024px\" \/><\/a>\n\t\t\t<\/div>\n\t\t\t\t<figcaption class='wp-caption-text gallery-caption' id='gallery-3-5477'>\n\t\t\t\tPortr\u00e4t von Hugo mit halb ge\u00f6ffnetem Hemd, das ein Tattoo entbl\u00f6\u00dft, blaues und rosa Licht\n\t\t\t\t<\/figcaption><\/figure><figure class='gallery-item'>\n\t\t\t<div class='gallery-icon portrait'>\n\t\t\t\t<a data-elementor-open-lightbox=\"yes\" data-elementor-lightbox-slideshow=\"963f50f\" data-e-action-hash=\"#elementor-action%3Aaction%3Dlightbox%26settings%3DeyJpZCI6NzIzMiwidXJsIjoiaHR0cHM6XC9cL2FkYXJ0cGFyaXMuY29tXC93cC1jb250ZW50XC91cGxvYWRzXC8yMDI2XC8wOFwvaHVnby0zMS5qcGciLCJzbGlkZXNob3ciOiI5NjNmNTBmIn0%3D\" href='https:\/\/adartparis.com\/wp-content\/uploads\/2026\/08\/hugo-31.jpg'><img decoding=\"async\" width=\"1024\" height=\"1536\" src=\"https:\/\/adartparis.com\/wp-content\/uploads\/2026\/08\/hugo-31-1024x1536.jpg\" class=\"attachment-1536x1536 size-1536x1536\" alt=\"Hugo, m\u00e4nnliches Portr\u00e4t in blau-violetter Beleuchtung, Yamaha-Racing-Blouson, direkter Blick\" srcset=\"https:\/\/adartparis.com\/wp-content\/uploads\/2026\/08\/hugo-31-1024x1536.jpg 1024w, https:\/\/adartparis.com\/wp-content\/uploads\/2026\/08\/hugo-31-1200x1800.jpg 1200w, https:\/\/adartparis.com\/wp-content\/uploads\/2026\/08\/hugo-31-480x720.jpg 480w, https:\/\/adartparis.com\/wp-content\/uploads\/2026\/08\/hugo-31-768x1152.jpg 768w, https:\/\/adartparis.com\/wp-content\/uploads\/2026\/08\/hugo-31-1366x2048.jpg 1366w, https:\/\/adartparis.com\/wp-content\/uploads\/2026\/08\/hugo-31-8x12.jpg 8w, https:\/\/adartparis.com\/wp-content\/uploads\/2026\/08\/hugo-31-600x900.jpg 600w, https:\/\/adartparis.com\/wp-content\/uploads\/2026\/08\/hugo-31.jpg 1707w\" sizes=\"(max-width: 1024px) 100vw, 1024px\" \/><\/a>\n\t\t\t<\/div><\/figure>\n\t\t<\/div>\n\t\t<\/div>\n\t\t\t\t\t\t<\/div>\n\t\t\t\t\t<\/div>\n\t\t\t\t<\/div>\n\t\t<div class=\"elementor-element elementor-element-9cc5b30 e-flex e-con-boxed e-con e-parent\" data-id=\"9cc5b30\" data-element_type=\"container\" data-e-type=\"container\">\n\t\t\t\t\t<div class=\"e-con-inner\">\n\t\t\t\t<div class=\"elementor-element elementor-element-9c1a717 elementor-widget elementor-widget-button\" data-id=\"9c1a717\" data-element_type=\"widget\" data-e-type=\"widget\" data-widget_type=\"button.default\">\n\t\t\t\t\t\t\t\t\t\t<a class=\"elementor-button elementor-button-link elementor-size-sm\" href=\"\/de\/die-boys\/hugo\/\">\n\t\t\t\t\t\t<span class=\"elementor-button-content-wrapper\">\n\t\t\t\t\t\t\t\t\t<span class=\"elementor-button-text\">Hugos Sitzung ansehen<\/span>\n\t\t\t\t\t<\/span>\n\t\t\t\t\t<\/a>\n\t\t\t\t\t\t\t\t<\/div>\n\t\t\t\t\t<\/div>\n\t\t\t\t<\/div>\n\t\t<div class=\"elementor-element elementor-element-e5f8859 e-flex e-con-boxed e-con e-parent\" data-id=\"e5f8859\" data-element_type=\"container\" data-e-type=\"container\">\n\t\t\t\t\t<div class=\"e-con-inner\">\n\t\t\t\t<div class=\"elementor-element elementor-element-87d5ecc elementor-widget elementor-widget-heading\" data-id=\"87d5ecc\" data-element_type=\"widget\" data-e-type=\"widget\" data-widget_type=\"heading.default\">\n\t\t\t\t\t<h2 class=\"elementor-heading-title elementor-size-default\">Im Gesch\u00e4ft<\/h2>\t\t\t\t<\/div>\n\t\t\t\t<div class=\"elementor-element elementor-element-e6498c2 elementor-grid-tablet-3 elementor-grid-mobile-2 elementor-product-loop-item--align-center elementor-grid-3 elementor-products-grid elementor-wc-products elementor-widget elementor-widget-woocommerce-products\" data-id=\"e6498c2\" data-element_type=\"widget\" data-e-type=\"widget\" data-widget_type=\"woocommerce-products.default\">\n\t\t\t\t<div class=\"elementor-widget-container\">\n\t\t\t\t\t<div class=\"woocommerce columns-3\"><ul class=\"products elementor-grid columns-3\">\n<li class=\"product type-product post-7535 status-publish first instock product_cat-magazine has-post-thumbnail featured shipping-taxable purchasable product-type-simple\">\n\t<a href=\"https:\/\/adartparis.com\/de\/shop\/magazine-adart-book-2\/\" class=\"woocommerce-LoopProduct-link woocommerce-loop-product__link\"><img decoding=\"async\" width=\"300\" height=\"300\" src=\"https:\/\/adartparis.com\/wp-content\/uploads\/2026\/08\/Adart-Book-2-magazine-cover-coming-soon-300x300.jpg\" class=\"attachment-woocommerce_thumbnail size-woocommerce_thumbnail\" alt=\"Cover des Fotomagazins Adart Book II \u2013 Demn\u00e4chst\" srcset=\"https:\/\/adartparis.com\/wp-content\/uploads\/2026\/08\/Adart-Book-2-magazine-cover-coming-soon-300x300.jpg 300w, https:\/\/adartparis.com\/wp-content\/uploads\/2026\/08\/Adart-Book-2-magazine-cover-coming-soon-720x720.jpg 720w, https:\/\/adartparis.com\/wp-content\/uploads\/2026\/08\/Adart-Book-2-magazine-cover-coming-soon-768x768.jpg 768w, https:\/\/adartparis.com\/wp-content\/uploads\/2026\/08\/Adart-Book-2-magazine-cover-coming-soon-12x12.jpg 12w, https:\/\/adartparis.com\/wp-content\/uploads\/2026\/08\/Adart-Book-2-magazine-cover-coming-soon-600x600.jpg 600w, https:\/\/adartparis.com\/wp-content\/uploads\/2026\/08\/Adart-Book-2-magazine-cover-coming-soon-100x100.jpg 100w, https:\/\/adartparis.com\/wp-content\/uploads\/2026\/08\/Adart-Book-2-magazine-cover-coming-soon.jpg 1200w\" sizes=\"(max-width: 300px) 100vw, 300px\" \/><h3 class=\"woocommerce-loop-product__title\">Adart Book II<\/h3>\n\t<span class=\"price\"><span class=\"woocommerce-Price-amount amount\"><bdi>23,00&nbsp;<span class=\"woocommerce-Price-currencySymbol\" translate=\"no\">\u20ac<\/span><\/bdi><\/span><\/span>\n<\/a><div class=\"woocommerce-loop-product__buttons\"><a href=\"\/de\/wp-json\/wp\/v2\/posts\/7209?add-to-cart=7535\" aria-describedby=\"woocommerce_loop_add_to_cart_link_describedby_7535\" data-quantity=\"1\" class=\"button product_type_simple add_to_cart_button ajax_add_to_cart\" data-product_id=\"7535\" data-product_sku=\"ec30be67-b9c5-4a84-84cc-e8c5268cae15\" aria-label=\"In den Warenkorb legen: \u201cAdart Book II\u201d\" rel=\"nofollow\" data-success_message=\"\u201cAdart Book II\u201d wurde in Ihren Warenkorb gelegt\" data-no-translation=\"\" data-trp-gettext=\"\" data-no-translation-aria-label=\"\" data-no-translation-data-success_message=\"\">In den Warenkorb legen<\/a><\/div>\t<span id=\"woocommerce_loop_add_to_cart_link_describedby_7535\" class=\"screen-reader-text\">\n\t\t\t<\/span>\n<\/li>\n<\/ul>\n<\/div>\t\t\t\t<\/div>\n\t\t\t\t<\/div>\n\t\t\t\t\t<\/div>\n\t\t\t\t<\/div>\n\t\t\t\t<\/div>","protected":false},"excerpt":{"rendered":"<p>Hugo hat seine 14 Lieblingsportr\u00e4ts aus einer Vielzahl unver\u00f6ffentlichter Posen unseres Shootings ausgew\u00e4hlt.<\/p>","protected":false},"author":1,"featured_media":7252,"comment_status":"open","ping_status":"open","sticky":false,"template":"","format":"standard","meta":{"footnotes":""},"categories":[1],"tags":[164],"class_list":["post-7209","post","type-post","status-publish","format-standard","has-post-thumbnail","hentry","category-actualites","tag-shooting"],"aioseo_notices":[],"aioseo_head":"\n\t\t<!-- All in One SEO 5.0.1.1 - aioseo.com -->\n\t<meta name=\"description\" content=\"Hugo a s\u00e9lectionn\u00e9 ses 14 portraits pr\u00e9f\u00e9r\u00e9s parmi une majorit\u00e9 de poses in\u00e9dites issus de notre shooting.\" \/>\n\t<meta name=\"robots\" content=\"max-image-preview:large\" \/>\n\t<meta name=\"author\" content=\"ADART PARIS\"\/>\n\t<meta name=\"google-site-verification\" content=\"wfJMgEuP9dVgS9St9bc8s61h3EnN0FCWuXjOjw0Alr0\" \/>\n\t<meta name=\"p:domain_verify\" content=\"89ef08ea553fa64c84a5bcf90e884e54\" \/>\n\t<link rel=\"canonical\" href=\"https:\/\/adartparis.com\/de\/actualites\/hugo-sa-selection-de-14-portraits-preferes-7209\/\" \/>\n\t<meta name=\"generator\" content=\"All in One SEO (AIOSEO) 5.0.1.1\" \/>\n\t\t<meta property=\"og:locale\" content=\"de_DE\" \/>\n\t\t<meta property=\"og:site_name\" content=\"ADART PARIS - Photographe masculin\" \/>\n\t\t<meta property=\"og:type\" content=\"article\" \/>\n\t\t<meta property=\"og:title\" content=\"Hugo : sa s\u00e9lection de portraits masculins pr\u00e9f\u00e9r\u00e9s - ADART PARIS\" \/>\n\t\t<meta property=\"og:description\" content=\"Hugo a s\u00e9lectionn\u00e9 ses 14 portraits pr\u00e9f\u00e9r\u00e9s parmi une majorit\u00e9 de poses in\u00e9dites issus de notre shooting.\" \/>\n\t\t<meta property=\"og:url\" content=\"https:\/\/adartparis.com\/de\/actualites\/hugo-sa-selection-de-14-portraits-preferes-7209\/\" \/>\n\t\t<meta property=\"fb:admins\" content=\"61591467820407\" \/>\n\t\t<meta property=\"og:image\" content=\"https:\/\/adartparis.com\/wp-content\/uploads\/2026\/08\/Vignette-selection-hugo.jpg\" \/>\n\t\t<meta property=\"og:image:secure_url\" content=\"https:\/\/adartparis.com\/wp-content\/uploads\/2026\/08\/Vignette-selection-hugo.jpg\" \/>\n\t\t<meta property=\"og:image:width\" content=\"1500\" \/>\n\t\t<meta property=\"og:image:height\" content=\"1000\" \/>\n\t\t<meta property=\"article:published_time\" content=\"2026-08-17T17:13:47+00:00\" \/>\n\t\t<meta property=\"article:modified_time\" content=\"2026-08-26T22:40:36+00:00\" \/>\n\t\t<meta property=\"article:publisher\" content=\"https:\/\/www.facebook.com\/adartparis\" \/>\n\t\t<meta name=\"twitter:card\" content=\"summary_large_image\" \/>\n\t\t<meta name=\"twitter:site\" content=\"@ADART_PARIS\" \/>\n\t\t<meta name=\"twitter:title\" content=\"Hugo : sa s\u00e9lection de portraits masculins pr\u00e9f\u00e9r\u00e9s - ADART PARIS\" \/>\n\t\t<meta name=\"twitter:description\" content=\"Hugo a s\u00e9lectionn\u00e9 ses 14 portraits pr\u00e9f\u00e9r\u00e9s parmi une majorit\u00e9 de poses in\u00e9dites issus de notre shooting.\" \/>\n\t\t<meta name=\"twitter:image\" content=\"https:\/\/adartparis.com\/wp-content\/uploads\/2026\/08\/Vignette-selection-hugo.jpg\" \/>\n\t\t<!-- All in One SEO -->\n\n","aioseo_head_json":{"title":"Hugo: Seine Auswahl bevorzugter M\u00e4nnerportr\u00e4ts \u2013 ADART PARIS","description":"Hugo hat seine 14 Lieblingsportr\u00e4ts aus einer Vielzahl unver\u00f6ffentlichter Posen unseres Shootings ausgew\u00e4hlt.","canonical_url":"https:\/\/adartparis.com\/de\/actualites\/hugo-sa-selection-de-14-portraits-preferes-7209\/","robots":"max-image-preview:large","keywords":"","webmasterTools":{"google-site-verification":"wfJMgEuP9dVgS9St9bc8s61h3EnN0FCWuXjOjw0Alr0","p:domain_verify":"89ef08ea553fa64c84a5bcf90e884e54","miscellaneous":""},"schema":null,"og:locale":"de_DE","og:site_name":"ADART PARIS - Photographe masculin","og:type":"article","og:title":"Hugo : sa s\u00e9lection de portraits masculins pr\u00e9f\u00e9r\u00e9s - ADART PARIS","og:description":"Hugo a s\u00e9lectionn\u00e9 ses 14 portraits pr\u00e9f\u00e9r\u00e9s parmi une majorit\u00e9 de poses in\u00e9dites issus de notre shooting.","og:url":"https:\/\/adartparis.com\/de\/actualites\/hugo-sa-selection-de-14-portraits-preferes-7209\/","fb:admins":"61591467820407","og:image":"https:\/\/adartparis.com\/wp-content\/uploads\/2026\/08\/Vignette-selection-hugo.jpg","og:image:secure_url":"https:\/\/adartparis.com\/wp-content\/uploads\/2026\/08\/Vignette-selection-hugo.jpg","og:image:width":1500,"og:image:height":1000,"article:published_time":"2026-08-17T17:13:47+00:00","article:modified_time":"2026-08-26T22:40:36+00:00","article:publisher":"https:\/\/www.facebook.com\/adartparis","twitter:card":"summary_large_image","twitter:site":"@ADART_PARIS","twitter:title":"Hugo : sa s\u00e9lection de portraits masculins pr\u00e9f\u00e9r\u00e9s - ADART PARIS","twitter:description":"Hugo a s\u00e9lectionn\u00e9 ses 14 portraits pr\u00e9f\u00e9r\u00e9s parmi une majorit\u00e9 de poses in\u00e9dites issus de notre shooting.","twitter:image":"https:\/\/adartparis.com\/wp-content\/uploads\/2026\/08\/Vignette-selection-hugo.jpg"},"aioseo_meta_data":{"post_id":"7209","title":"Hugo : sa s\u00e9lection de portraits masculins pr\u00e9f\u00e9r\u00e9s #separator_sa #site_title","description":null,"keywords":null,"keyphrases":{"focus":{"keyphrase":"","score":0,"analysis":{"keyphraseInTitle":{"score":0,"maxScore":9,"error":1}}},"additional":[]},"primary_term":null,"canonical_url":null,"og_title":null,"og_description":null,"og_object_type":"default","og_image_type":"default","og_image_url":null,"og_image_width":null,"og_image_height":null,"og_image_custom_url":null,"og_image_custom_fields":null,"og_video":"","og_custom_url":null,"og_article_section":null,"og_article_tags":null,"twitter_use_og":false,"twitter_card":"default","twitter_image_type":"default","twitter_image_url":null,"twitter_image_custom_url":null,"twitter_image_custom_fields":null,"twitter_title":null,"twitter_description":null,"schema":{"blockGraphs":[],"customGraphs":[],"default":{"data":{"Article":[],"Course":[],"Dataset":[],"FAQPage":[],"Movie":[],"Person":[],"Product":[],"ProductReview":[],"Car":[],"Recipe":[],"Service":[],"SoftwareApplication":[],"WebPage":[]},"graphName":"BlogPosting","isEnabled":true},"graphs":[]},"schema_type":"default","schema_type_options":null,"pillar_content":false,"robots_default":true,"robots_noindex":false,"robots_noarchive":false,"robots_nosnippet":false,"robots_nofollow":false,"robots_noimageindex":false,"robots_noodp":false,"robots_notranslate":false,"robots_max_snippet":"-1","robots_max_videopreview":"-1","robots_max_imagepreview":"large","priority":null,"frequency":"default","local_seo":null,"breadcrumb_settings":null,"limit_modified_date":false,"ai":{"faqs":[],"keyPoints":[],"schemas":[],"titles":[],"descriptions":[],"socialPosts":{"email":{"subject":"","preview":"","content":""},"linkedin":[],"twitter":[],"facebook":[],"instagram":[]}},"created":"2026-08-17 15:46:49","updated":"2026-08-26 22:59:34","seo_analyzer_scan_date":null,"focus_keyword":null,"additional_keywords":null,"truseo_locale":null},"aioseo_breadcrumb":"<div class=\"aioseo-breadcrumbs\"><span class=\"aioseo-breadcrumb\">\n\t\t\t<a href=\"https:\/\/adartparis.com\/de\" title=\"Accueil\">Accueil<\/a>\n\t\t<\/span><span class=\"aioseo-breadcrumb-separator\">\u203a<\/span><span class=\"aioseo-breadcrumb\">\n\t\t\t<a href=\"https:\/\/adartparis.com\/de\/category\/actualites\/\" title=\"Actualit\u00e9s\">Actualit\u00e9s<\/a>\n\t\t<\/span><span class=\"aioseo-breadcrumb-separator\">\u203a<\/span><span class=\"aioseo-breadcrumb\">\n\t\t\tHugo : sa s\u00e9lection de 14 portraits pr\u00e9f\u00e9r\u00e9s\n\t\t<\/span><\/div>","aioseo_breadcrumb_json":[{"label":"Accueil","link":"https:\/\/adartparis.com\/de"},{"label":"Actualit\u00e9s","link":"https:\/\/adartparis.com\/de\/category\/actualites\/"},{"label":"Hugo : sa s\u00e9lection de 14 portraits pr\u00e9f\u00e9r\u00e9s","link":"https:\/\/adartparis.com\/de\/actualites\/hugo-sa-selection-de-14-portraits-preferes-7209\/"}],"_links":{"self":[{"href":"https:\/\/adartparis.com\/de\/wp-json\/wp\/v2\/posts\/7209","targetHints":{"allow":["GET"]}}],"collection":[{"href":"https:\/\/adartparis.com\/de\/wp-json\/wp\/v2\/posts"}],"about":[{"href":"https:\/\/adartparis.com\/de\/wp-json\/wp\/v2\/types\/post"}],"author":[{"embeddable":true,"href":"https:\/\/adartparis.com\/de\/wp-json\/wp\/v2\/users\/1"}],"replies":[{"embeddable":true,"href":"https:\/\/adartparis.com\/de\/wp-json\/wp\/v2\/comments?post=7209"}],"version-history":[{"count":30,"href":"https:\/\/adartparis.com\/de\/wp-json\/wp\/v2\/posts\/7209\/revisions"}],"predecessor-version":[{"id":7677,"href":"https:\/\/adartparis.com\/de\/wp-json\/wp\/v2\/posts\/7209\/revisions\/7677"}],"wp:featuredmedia":[{"embeddable":true,"href":"https:\/\/adartparis.com\/de\/wp-json\/wp\/v2\/media\/7252"}],"wp:attachment":[{"href":"https:\/\/adartparis.com\/de\/wp-json\/wp\/v2\/media?parent=7209"}],"wp:term":[{"taxonomy":"category","embeddable":true,"href":"https:\/\/adartparis.com\/de\/wp-json\/wp\/v2\/categories?post=7209"},{"taxonomy":"post_tag","embeddable":true,"href":"https:\/\/adartparis.com\/de\/wp-json\/wp\/v2\/tags?post=7209"}],"curies":[{"name":"wp","href":"https:\/\/api.w.org\/{rel}","templated":true}]}}